{"id":3072,"date":"2020-01-13T13:50:49","date_gmt":"2020-01-13T12:50:49","guid":{"rendered":"http:\/\/omw.um.warszawa.pl\/?p=3072"},"modified":"2021-06-11T14:34:35","modified_gmt":"2021-06-11T12:34:35","slug":"potrzeby-rozwojowe-obszaru-metropolitalnego-warszawy-w-kontekscie-programowania-i-realizacji-polityki-spojnosci-po-2020","status":"publish","type":"post","link":"https:\/\/omw.um.warszawa.pl\/en\/potrzeby-rozwojowe-obszaru-metropolitalnego-warszawy-w-kontekscie-programowania-i-realizacji-polityki-spojnosci-po-2020\/","title":{"rendered":"(Polski) Potrzeby rozwojowe OBSZARU METROPOLITALNEGO WARSZAWY w kontek\u015bcie programowania i realizacji polityki sp\u00f3jno\u015bci po 2020"},"content":{"rendered":"<p class=\"qtranxs-available-languages-message qtranxs-available-languages-message-en\">Sorry, this entry is only available in <a href=\"https:\/\/omw.um.warszawa.pl\/pl\/wp-json\/wp\/v2\/posts\/3072\" class=\"qtranxs-available-language-link qtranxs-available-language-link-pl\" title=\"Polski\">Polish<\/a>.<\/p>","protected":false},"excerpt":{"rendered":"<p>Sorry, this entry is only available in Polish.<\/p>\n","protected":false},"author":157,"featured_media":3079,"comment_status":"closed","ping_status":"open","sticky":false,"template":"","format":"standard","meta":[],"categories":[6,5],"tags":[],"_links":{"self":[{"href":"https:\/\/omw.um.warszawa.pl\/en\/wp-json\/wp\/v2\/posts\/3072"}],"collection":[{"href":"https:\/\/omw.um.warszawa.pl\/en\/wp-json\/wp\/v2\/posts"}],"about":[{"href":"https:\/\/omw.um.warszawa.pl\/en\/wp-json\/wp\/v2\/types\/post"}],"author":[{"embeddable":true,"href":"https:\/\/omw.um.warszawa.pl\/en\/wp-json\/wp\/v2\/users\/157"}],"replies":[{"embeddable":true,"href":"https:\/\/omw.um.warszawa.pl\/en\/wp-json\/wp\/v2\/comments?post=3072"}],"version-history":[{"count":10,"href":"https:\/\/omw.um.warszawa.pl\/en\/wp-json\/wp\/v2\/posts\/3072\/revisions"}],"predecessor-version":[{"id":3582,"href":"https:\/\/omw.um.warszawa.pl\/en\/wp-json\/wp\/v2\/posts\/3072\/revisions\/3582"}],"wp:featuredmedia":[{"embeddable":true,"href":"https:\/\/omw.um.warszawa.pl\/en\/wp-json\/wp\/v2\/media\/3079"}],"wp:attachment":[{"href":"https:\/\/omw.um.warszawa.pl\/en\/wp-json\/wp\/v2\/media?parent=3072"}],"wp:term":[{"taxonomy":"category","embeddable":true,"href":"https:\/\/omw.um.warszawa.pl\/en\/wp-json\/wp\/v2\/categories?post=3072"},{"taxonomy":"post_tag","embeddable":true,"href":"https:\/\/omw.um.warszawa.pl\/en\/wp-json\/wp\/v2\/tags?post=3072"}],"curies":[{"name":"wp","href":"https:\/\/api.w.org\/{rel}","templated":true}]}}