{"id":1237,"date":"2016-08-02T08:38:30","date_gmt":"2016-08-02T06:38:30","guid":{"rendered":"http:\/\/omw.um.warszawa.pl\/?p=1237"},"modified":"2016-08-02T08:39:16","modified_gmt":"2016-08-02T06:39:16","slug":"deklaracja-uczestnictwa-e-archiwum","status":"publish","type":"post","link":"https:\/\/omw.um.warszawa.pl\/en\/deklaracja-uczestnictwa-e-archiwum\/","title":{"rendered":"Deklaracja uczestnictwa e-archiwum"},"content":{"rendered":"<p>Miasto Z\u0105bki &#8211; lider projektu \u201eDost\u0119p do informacji publicznej gmin Warszawskiego Obszaru Funkcjonalnego (E-Archiwum) &#8211; zaprasza gminy ZIT WOF do sk\u0142adania ostatecznych deklaracji uczestnictwa w projekcie. Wz\u00f3r deklaracji uczestnictwa jest dost\u0119pny tu: <a href=\"http:\/\/omw.um.warszawa.pl\/wp-content\/uploads\/2016\/08\/deklaracja_uczestnictwa-wz\u00f3r.docx\">deklaracja_uczestnictwa &#8211; wz\u00f3r<\/a><\/p>\n","protected":false},"excerpt":{"rendered":"<p>Miasto Z\u0105bki &#8211; lider projektu \u201eDost\u0119p do informacji publicznej gmin Warszawskiego Obszaru Funkcjonalnego (E-Archiwum) &#8211; zaprasza gminy ZIT WOF do sk\u0142adania ostatecznych deklaracji uczestnictwa w projekcie. Wz\u00f3r deklaracji uczestnictwa jest dost\u0119pny tu: deklaracja_uczestnictwa &#8211; wz\u00f3r<\/p>\n","protected":false},"author":157,"featured_media":1239,"comment_status":"open","ping_status":"open","sticky":false,"template":"","format":"standard","meta":[],"categories":[6],"tags":[],"_links":{"self":[{"href":"https:\/\/omw.um.warszawa.pl\/en\/wp-json\/wp\/v2\/posts\/1237"}],"collection":[{"href":"https:\/\/omw.um.warszawa.pl\/en\/wp-json\/wp\/v2\/posts"}],"about":[{"href":"https:\/\/omw.um.warszawa.pl\/en\/wp-json\/wp\/v2\/types\/post"}],"author":[{"embeddable":true,"href":"https:\/\/omw.um.warszawa.pl\/en\/wp-json\/wp\/v2\/users\/157"}],"replies":[{"embeddable":true,"href":"https:\/\/omw.um.warszawa.pl\/en\/wp-json\/wp\/v2\/comments?post=1237"}],"version-history":[{"count":0,"href":"https:\/\/omw.um.warszawa.pl\/en\/wp-json\/wp\/v2\/posts\/1237\/revisions"}],"wp:featuredmedia":[{"embeddable":true,"href":"https:\/\/omw.um.warszawa.pl\/en\/wp-json\/wp\/v2\/media\/1239"}],"wp:attachment":[{"href":"https:\/\/omw.um.warszawa.pl\/en\/wp-json\/wp\/v2\/media?parent=1237"}],"wp:term":[{"taxonomy":"category","embeddable":true,"href":"https:\/\/omw.um.warszawa.pl\/en\/wp-json\/wp\/v2\/categories?post=1237"},{"taxonomy":"post_tag","embeddable":true,"href":"https:\/\/omw.um.warszawa.pl\/en\/wp-json\/wp\/v2\/tags?post=1237"}],"curies":[{"name":"wp","href":"https:\/\/api.w.org\/{rel}","templated":true}]}}